{"id":761,"date":"2022-09-24T11:55:00","date_gmt":"2022-09-24T11:55:00","guid":{"rendered":"https:\/\/agendaurbana.alcoi.org\/2022\/09\/30\/eix-6-cohesio-social-i-igualtat-doportunitats\/"},"modified":"2022-10-06T10:53:18","modified_gmt":"2022-10-06T10:53:18","slug":"eix-6-cohesio-social-i-igualtat-doportunitats","status":"publish","type":"post","link":"https:\/\/agendaurbana.alcoi.org\/es\/2022\/09\/24\/eix-6-cohesio-social-i-igualtat-doportunitats\/","title":{"rendered":"Eje 6: Cohesi\u00f3n social e igualdad de oportunidades"},"content":{"rendered":"\n<div class=\"wp-block-columns is-layout-flex wp-container-core-columns-is-layout-9d6595d7 wp-block-columns-is-layout-flex\">\n<div class=\"wp-block-column is-layout-flow wp-block-column-is-layout-flow\">\n<p>A trav\u00e9s de una sesi\u00f3n participativa online, llevada a cabo el 25 de mayo de 2021, con los\/as representantes municipales que conforman el Grupo de Trabajo 2\u2013 Reactivaci\u00f3n econ\u00f3mica y social se trabaj\u00f3 en el contraste y validaci\u00f3n de las principales conclusiones del an\u00e1lisis DAFO realizado por la Agenda Urbana Espa\u00f1ola para la globalidad de los municipios espa\u00f1oles.<\/p>\n\n\n\n<p>Durante esta sesi\u00f3n, se reflexion\u00f3 sobre si la fotograf\u00eda de situaci\u00f3n actual de los municipios a nivel estatal es extrapolable a Alcoi.<\/p>\n\n\n\n<p>Asimismo, se llev\u00f3 a cabo una din\u00e1mica de co-creaci\u00f3n, centrada en identificar las principales debilidades, amenazas, fortalezas y oportunidades del municipio en el eje estrat\u00e9gico de cohesi\u00f3n social e igualdad de oportunidades.<\/p>\n<\/div>\n<\/div>\n\n\n\n\n<div id=\"featuredtext-block_633542372f92d\" class=\"featuredtext\" style=\"position:relative\">\n    <div class=\"block__featuredtext--text--shadow\"><\/div>\n    <div class=\"block__featuredtext is--image\" style=\"background-image: url(https:\/\/agendaurbana.alcoi.org\/wp-content\/uploads\/2022\/09\/carrer-sant-francesc-scaled.jpg);\">\n        <div class=\"block__featuredtext--content\">\n            <div class=\"container\">\n            <div class=\"row\">\n                <div class=\"col-md-12 col-lg-8\">\n                <div class=\"block__featuredtext--content--inner\">\n                                    <div class=\"block__featuredtext--text title titleXL is--image\"><\/div>\n                    \n                                    \n                <\/div>\n                <\/div>\n            <\/div>\n            <\/div>\n        <\/div>\n    <\/div>\n<\/div>\n\n\n\n\n\n<div class=\"wp-block-columns is-layout-flex wp-container-core-columns-is-layout-9d6595d7 wp-block-columns-is-layout-flex\">\n<div class=\"wp-block-column is-layout-flow wp-block-column-is-layout-flow\" style=\"flex-basis:100%\">\n<div class=\"wp-block-columns is-layout-flex wp-container-core-columns-is-layout-9d6595d7 wp-block-columns-is-layout-flex\">\n<div class=\"wp-block-column is-layout-flow wp-block-column-is-layout-flow\" style=\"flex-basis:33.33%\">\n<h2 class=\"wp-block-heading\">Debilidades:<\/h2>\n<\/div>\n\n\n\n<div class=\"wp-block-column is-layout-flow wp-block-column-is-layout-flow\" style=\"flex-basis:66.66%\">\n<ul class=\"wp-block-list\"><li>Alta tasa de envejecimiento, consecuencia de la ca\u00edda de la natalidad\/emigraci\u00f3n de la poblaci\u00f3n joven\/inmigraci\u00f3n de personas extranjeras de edad avanzada (valoraci\u00f3n 4,2\/5)<\/li><li>Ciertos barrios sumidos en proceso de degradaci\u00f3n y\/o abandono, lo que agrava los problemas sociales de sus residentes (valoraci\u00f3n 3,9\/5)<\/li><li>Incremento de las desigualdades sociales motivado por la crisis COVID-19 (valoraci\u00f3n 3,8\/5)<\/li><li>Alta tasa de desempleo, asociado al aumento de la poblaci\u00f3n en riesgo de exclusi\u00f3n social y al incremento del n\u00famero de demandantes de servicios sociales (valoraci\u00f3n 3,7\/5)<\/li><li>Consecuencias sociales del deterioro del medio ambiente urbano en algunas zonas, que conducen a una p\u00e9rdida de la calidad de vida y de las oportunidades (valoraci\u00f3n 3,7\/5)<\/li><li>Concentraci\u00f3n de la vulnerabilidad urbana y exclusi\u00f3n social en determinados entornos, caracterizados por un mayor porcentaje de pobreza urbana y desempleo (valoraci\u00f3n 3,6\/5)<\/li><li>Problemas de absentismo y abandono escolar en determinados barrios, que producen un deterioro de las oportunidades laborales de sus habitantes (valoraci\u00f3n 3,2\/5)<\/li><\/ul>\n<\/div>\n<\/div>\n<\/div>\n<\/div>\n\n\n\n<div class=\"wp-block-columns is-layout-flex wp-container-core-columns-is-layout-9d6595d7 wp-block-columns-is-layout-flex\">\n<div class=\"wp-block-column is-layout-flow wp-block-column-is-layout-flow\" style=\"flex-basis:100%\">\n<div class=\"wp-block-columns is-layout-flex wp-container-core-columns-is-layout-9d6595d7 wp-block-columns-is-layout-flex\">\n<div class=\"wp-block-column is-layout-flow wp-block-column-is-layout-flow\" style=\"flex-basis:33.33%\">\n<p><strong>Aparte de las debilidades planteadas por la Agenda Urbana Espa\u00f1ola, el grupo de trabajo propuso las siguientes:<\/strong><\/p>\n<\/div>\n\n\n\n<div class=\"wp-block-column is-layout-flow wp-block-column-is-layout-flow\" style=\"flex-basis:66.66%\">\n<ul class=\"wp-block-list\"><li>Envejecimiento de la poblaci\u00f3n<\/li><li>El paro supone una de las grandes debilidades del municipio que se ha visto potenciado por la crisis Covid-19<\/li><\/ul>\n<\/div>\n<\/div>\n<\/div>\n<\/div>\n\n\n\n<div class=\"wp-block-columns is-layout-flex wp-container-core-columns-is-layout-9d6595d7 wp-block-columns-is-layout-flex\">\n<div class=\"wp-block-column is-layout-flow wp-block-column-is-layout-flow\"><\/div>\n<\/div>\n\n\n\n<div class=\"wp-block-columns is-layout-flex wp-container-core-columns-is-layout-9d6595d7 wp-block-columns-is-layout-flex\">\n<div class=\"wp-block-column is-layout-flow wp-block-column-is-layout-flow\"><\/div>\n<\/div>\n\n\n\n\n<div id=\"featuredtext-block_633543412f92e\" class=\"featuredtext\" style=\"position:relative\">\n    <div class=\"block__featuredtext--text--shadow\"><\/div>\n    <div class=\"block__featuredtext is--image\" style=\"background-image: url(https:\/\/agendaurbana.alcoi.org\/wp-content\/uploads\/2022\/09\/IMG_7086.jpg);\">\n        <div class=\"block__featuredtext--content\">\n            <div class=\"container\">\n            <div class=\"row\">\n                <div class=\"col-md-12 col-lg-8\">\n                <div class=\"block__featuredtext--content--inner\">\n                                    <div class=\"block__featuredtext--text title titleXL is--image\"><\/div>\n                    \n                                    \n                <\/div>\n                <\/div>\n            <\/div>\n            <\/div>\n        <\/div>\n    <\/div>\n<\/div>\n\n\n\n\n\n<div class=\"wp-block-columns is-layout-flex wp-container-core-columns-is-layout-9d6595d7 wp-block-columns-is-layout-flex\">\n<div class=\"wp-block-column is-layout-flow wp-block-column-is-layout-flow\">\n<div class=\"wp-block-columns is-layout-flex wp-container-core-columns-is-layout-9d6595d7 wp-block-columns-is-layout-flex\">\n<div class=\"wp-block-column is-layout-flow wp-block-column-is-layout-flow\" style=\"flex-basis:33.33%\">\n<h2 class=\"wp-block-heading\">Amenazas:<\/h2>\n<\/div>\n\n\n\n<div class=\"wp-block-column is-layout-flow wp-block-column-is-layout-flow\" style=\"flex-basis:66.66%\">\n<ul class=\"wp-block-list\"><li>Incremento del desempleo derivado de la crisis COVID-19 (valoraci\u00f3n 4,3\/5)<\/li><li>Aumento del peso de la denominada cuarta edad, que conllevar\u00e1 a un aumento significativo de las demandas sociales en un contexto de gran brecha digital (valoraci\u00f3n 4,3\/5)<\/li><li>Incremento de las desigualdades sociales derivadas de las crisis COVID-19 (valoraci\u00f3n 4,2\/5)<\/li><li>Envejecimiento y degradaci\u00f3n de barrios construidos en los a\u00f1os 50-80, tanto desde el punto de vista demogr\u00e1fico y social, como f\u00edsico (valoraci\u00f3n 4\/5)<\/li><li>Brecha entre la formaci\u00f3n de la poblaci\u00f3n y los perfiles demandados en el mercado de trabajo que requiere de actuaciones en educaci\u00f3n y formaci\u00f3n (valoraci\u00f3n 3,9\/5)<\/li><li>Desigualdad econ\u00f3mica y social del entorno y elevada pobreza relativa, en el marco de las din\u00e1micas territoriales que afectan a la ciudad en conjunto (valoraci\u00f3n 3,5\/5)<\/li><li>Desigualdad y brecha de g\u00e9nero, fen\u00f3menos que afectan de forma m\u00e1s intensa a ciertos colectivos o acent\u00faan las diferencias entre mujeres y hombres (valoraci\u00f3n 3,4\/5)<\/li><li>Prestaciones sociales insuficientes o no adaptadas a las nuevas realidades y demandas ciudadanas, especialmente para los colectivos m\u00e1s desfavorecidos (valoraci\u00f3n 3,1\/5)<\/li><\/ul>\n<\/div>\n<\/div>\n<\/div>\n<\/div>\n\n\n\n<div class=\"wp-block-columns is-layout-flex wp-container-core-columns-is-layout-9d6595d7 wp-block-columns-is-layout-flex\">\n<div class=\"wp-block-column is-layout-flow wp-block-column-is-layout-flow\">\n<div class=\"wp-block-columns is-layout-flex wp-container-core-columns-is-layout-9d6595d7 wp-block-columns-is-layout-flex\">\n<div class=\"wp-block-column is-layout-flow wp-block-column-is-layout-flow\" style=\"flex-basis:33.33%\">\n<p><strong>Aparte de las amenazas planteadas por la Agenda Urbana Espa\u00f1ola, el grupo de trabajo propuso las siguientes:<\/strong><\/p>\n<\/div>\n\n\n\n<div class=\"wp-block-column is-layout-flow wp-block-column-is-layout-flow\" style=\"flex-basis:66.66%\">\n<ul class=\"wp-block-list\"><li>Alto \u00edndice de desempleo debido a la escasa oferta laboral en el municipio<\/li><li>Barrios degradados<\/li><\/ul>\n<\/div>\n<\/div>\n<\/div>\n<\/div>\n\n\n\n<div class=\"wp-block-columns is-layout-flex wp-container-core-columns-is-layout-9d6595d7 wp-block-columns-is-layout-flex\">\n<div class=\"wp-block-column is-layout-flow wp-block-column-is-layout-flow\"><\/div>\n<\/div>\n\n\n\n<div class=\"wp-block-columns is-layout-flex wp-container-core-columns-is-layout-9d6595d7 wp-block-columns-is-layout-flex\">\n<div class=\"wp-block-column is-layout-flow wp-block-column-is-layout-flow\"><\/div>\n<\/div>\n\n\n\n\n<div id=\"featuredtext-block_633543892f92f\" class=\"featuredtext\" style=\"position:relative\">\n    <div class=\"block__featuredtext--text--shadow\"><\/div>\n    <div class=\"block__featuredtext is--image\" style=\"background-image: url(https:\/\/agendaurbana.alcoi.org\/wp-content\/uploads\/2022\/09\/310273529_464166849077179_6091776787239426000_n.jpg);\">\n        <div class=\"block__featuredtext--content\">\n            <div class=\"container\">\n            <div class=\"row\">\n                <div class=\"col-md-12 col-lg-8\">\n                <div class=\"block__featuredtext--content--inner\">\n                                    <div class=\"block__featuredtext--text title titleXL is--image\"><\/div>\n                    \n                                    \n                <\/div>\n                <\/div>\n            <\/div>\n            <\/div>\n        <\/div>\n    <\/div>\n<\/div>\n\n\n\n\n\n<div class=\"wp-block-columns is-layout-flex wp-container-core-columns-is-layout-9d6595d7 wp-block-columns-is-layout-flex\">\n<div class=\"wp-block-column is-layout-flow wp-block-column-is-layout-flow\">\n<div class=\"wp-block-columns is-layout-flex wp-container-core-columns-is-layout-9d6595d7 wp-block-columns-is-layout-flex\">\n<div class=\"wp-block-column is-layout-flow wp-block-column-is-layout-flow\" style=\"flex-basis:33.33%\">\n<h2 class=\"wp-block-heading\">Fortalezas:<\/h2>\n<\/div>\n\n\n\n<div class=\"wp-block-column is-layout-flow wp-block-column-is-layout-flow\" style=\"flex-basis:66.66%\">\n<ul class=\"wp-block-list\"><li>Buen nivel de convivencia y seguridad ciudadana, que caracteriza, en general, a la ciudad (valoraci\u00f3n 4\/5)<\/li><li>Red de servicios de alta calidad y prestaciones en materia de educaci\u00f3n, sanitarios, deportivos o para personas mayores (valoraci\u00f3n 3,8\/5)<\/li><li>Importante tejido asociativo, con una ciudadan\u00eda comprometida con el desarrollo social y econ\u00f3mico y la presencia de un gran n\u00famero de asociaciones (valoraci\u00f3n 3,7\/5)<\/li><li>Existencia de iniciativas locales: planes de cooperaci\u00f3n\/mejora de la convivencia\/cohesi\u00f3n social\/lucha contra el absentismo\/inclusi\u00f3n socio laboral (valoraci\u00f3n 3,6\/5)<\/li><li>Modelo de ciudad compacta, trama urbana que facilita la convivencia y la solidaridad vecinal, y el desarrollo y viabilidad de los servicios locales (valoraci\u00f3n 3,4\/5)<\/li><li>Experiencia en programas de inclusi\u00f3n social con financiaci\u00f3n europea (valoraci\u00f3n 3,2\/5)<\/li><li>Poblaci\u00f3n activa altamente cualificada, que constituye una base para el desarrollo econ\u00f3mico y factor de competitividad (valoraci\u00f3n 3,1\/5)<\/li><\/ul>\n<\/div>\n<\/div>\n<\/div>\n<\/div>\n\n\n\n<div class=\"wp-block-columns is-layout-flex wp-container-core-columns-is-layout-9d6595d7 wp-block-columns-is-layout-flex\">\n<div class=\"wp-block-column is-layout-flow wp-block-column-is-layout-flow\">\n<div class=\"wp-block-columns is-layout-flex wp-container-core-columns-is-layout-9d6595d7 wp-block-columns-is-layout-flex\">\n<div class=\"wp-block-column is-layout-flow wp-block-column-is-layout-flow\" style=\"flex-basis:33.33%\">\n<p><strong>Aparte de las fortalezas planteadas por la Agenda Urbana Espa\u00f1ola, el grupo de trabajo propuso las siguientes:<\/strong><\/p>\n<\/div>\n\n\n\n<div class=\"wp-block-column is-layout-flow wp-block-column-is-layout-flow\" style=\"flex-basis:66.66%\">\n<ul class=\"wp-block-list\"><li>Servicios p\u00fablicos que ofrecen atenci\u00f3n a ni\u00f1os y a mayores<\/li><li>Se trata de una ciudad comprometida con numerosas iniciativas sociales<\/li><\/ul>\n<\/div>\n<\/div>\n<\/div>\n<\/div>\n\n\n\n<div class=\"wp-block-columns is-layout-flex wp-container-core-columns-is-layout-9d6595d7 wp-block-columns-is-layout-flex\">\n<div class=\"wp-block-column is-layout-flow wp-block-column-is-layout-flow\"><\/div>\n<\/div>\n\n\n\n<div class=\"wp-block-columns is-layout-flex wp-container-core-columns-is-layout-9d6595d7 wp-block-columns-is-layout-flex\">\n<div class=\"wp-block-column is-layout-flow wp-block-column-is-layout-flow\"><\/div>\n<\/div>\n\n\n\n\n<div id=\"featuredtext-block_633543c62f930\" class=\"featuredtext\" style=\"position:relative\">\n    <div class=\"block__featuredtext--text--shadow\"><\/div>\n    <div class=\"block__featuredtext is--image\" style=\"background-image: url(https:\/\/agendaurbana.alcoi.org\/wp-content\/uploads\/2022\/09\/294487464_3467279386833098_328847844867369010_n.jpg);\">\n        <div class=\"block__featuredtext--content\">\n            <div class=\"container\">\n            <div class=\"row\">\n                <div class=\"col-md-12 col-lg-8\">\n                <div class=\"block__featuredtext--content--inner\">\n                                    <div class=\"block__featuredtext--text title titleXL is--image\"><\/div>\n                    \n                                    \n                <\/div>\n                <\/div>\n            <\/div>\n            <\/div>\n        <\/div>\n    <\/div>\n<\/div>\n\n\n\n\n\n<div class=\"wp-block-columns is-layout-flex wp-container-core-columns-is-layout-9d6595d7 wp-block-columns-is-layout-flex\">\n<div class=\"wp-block-column is-layout-flow wp-block-column-is-layout-flow\">\n<div class=\"wp-block-columns is-layout-flex wp-container-core-columns-is-layout-9d6595d7 wp-block-columns-is-layout-flex\">\n<div class=\"wp-block-column is-layout-flow wp-block-column-is-layout-flow\" style=\"flex-basis:33.33%\">\n<h2 class=\"wp-block-heading\">Oportunidades:<\/h2>\n<\/div>\n\n\n\n<div class=\"wp-block-column is-layout-flow wp-block-column-is-layout-flow\" style=\"flex-basis:66.66%\">\n<ul class=\"wp-block-list\"><li>Situaci\u00f3n estrat\u00e9gica de centro de referencia social y asistencial para las localidades cercanas, que genera un incremento de la actividad urbana (valoraci\u00f3n 4\/5)<\/li><li>Desarrollo de programas en el \u00e1mbito social, con financiaci\u00f3n europea, como oportunidad para mejorar las condiciones socioecon\u00f3micas de la poblaci\u00f3n (valoraci\u00f3n 3,9\/5)<\/li><li>Iniciativas orientadas a fomentar el uso de las TIC para el desarrollo de acciones en materia de e-administraci\u00f3n y prestaci\u00f3n de servicios p\u00fablicos (valoraci\u00f3n 3,8\/5)<\/li><li>Uso de las TIC para mejorar la gobernanza y la participaci\u00f3n ciudadana, incrementando el sentimiento de pertenencia, el compromiso y la cooperaci\u00f3n (valoraci\u00f3n 3,8\/5)<\/li><li>Iniciativas y programas orientados a atraer poblaci\u00f3n joven, tanto residente como flotante, en materia de vivienda, equipamientos y servicios adaptados (valoraci\u00f3n 3,8\/5)<\/li><li>Existencia de espacios p\u00fablicos y solares vac\u00edos que pueden ser utilizados para actividades vinculadas con el desarrollo social y econ\u00f3mico de barrios (valoraci\u00f3n 3,8\/5)<\/li><li>Iniciativas orientadas a fomentar el uso de las TIC para el desarrollo de acciones en materia de e-administraci\u00f3n y prestaci\u00f3n de servicios p\u00fablicos (valoraci\u00f3n 3,8\/5)<\/li><li>Barrios con fuerte identidad urbana y arraigo social, como factor para mantener o recuperar la poblaci\u00f3n, que atienda a las tradiciones\/cultura local (valoraci\u00f3n 3,7\/5)<\/li><li>Multiculturalidad y diversidad de los barrios como un factor enriquecedor que permite el desarrollo de iniciativas vinculadas al respeto e integraci\u00f3n (valoraci\u00f3n 3,3\/5)<\/li><\/ul>\n<\/div>\n<\/div>\n<\/div>\n<\/div>\n\n\n\n<div class=\"wp-block-columns is-layout-flex wp-container-core-columns-is-layout-9d6595d7 wp-block-columns-is-layout-flex\">\n<div class=\"wp-block-column is-layout-flow wp-block-column-is-layout-flow\">\n<div class=\"wp-block-columns is-layout-flex wp-container-core-columns-is-layout-9d6595d7 wp-block-columns-is-layout-flex\">\n<div class=\"wp-block-column is-layout-flow wp-block-column-is-layout-flow\" style=\"flex-basis:33.33%\">\n<p><strong>Aparte de las oportunidades planteadas por la Agenda Urbana Espa\u00f1ola, el grupo de trabajo propuso las siguientes:<\/strong><\/p>\n<\/div>\n\n\n\n<div class=\"wp-block-column is-layout-flow wp-block-column-is-layout-flow\" style=\"flex-basis:66.66%\">\n<ul class=\"wp-block-list\"><li>Gran ciudad de la zona, oportunidad para atraer a gente joven<\/li><li>Fondos europeos y programas de apoyo<\/li><\/ul>\n<\/div>\n<\/div>\n<\/div>\n<\/div>\n\n\n\n<div class=\"wp-block-columns is-layout-flex wp-container-core-columns-is-layout-9d6595d7 wp-block-columns-is-layout-flex\">\n<div class=\"wp-block-column is-layout-flow wp-block-column-is-layout-flow\"><\/div>\n<\/div>\n\n\n\n<div class=\"wp-block-columns is-layout-flex wp-container-core-columns-is-layout-9d6595d7 wp-block-columns-is-layout-flex\">\n<div class=\"wp-block-column is-layout-flow wp-block-column-is-layout-flow\" style=\"flex-basis:100%\"><\/div>\n<\/div>\n","protected":false},"excerpt":{"rendered":"<p>A trav\u00e9s de una sesi\u00f3n participativa online, llevada a cabo el 25 de mayo de 2021, con los\/as representantes municipales que conforman el Grupo de Trabajo 2\u2013 Reactivaci\u00f3n econ\u00f3mica y social se trabaj\u00f3 en el contraste y validaci\u00f3n de las principales conclusiones del an\u00e1lisis DAFO realizado por la Agenda Urbana Espa\u00f1ola para la globalidad de &hellip; <a href=\"https:\/\/agendaurbana.alcoi.org\/es\/2022\/09\/24\/eix-6-cohesio-social-i-igualtat-doportunitats\/\">Continued<\/a><\/p>\n","protected":false},"author":4,"featured_media":754,"comment_status":"open","ping_status":"open","sticky":false,"template":"","format":"standard","meta":{"inline_featured_image":false,"footnotes":""},"categories":[21],"tags":[35,41,42,36,37,38],"class_list":["post-761","post","type-post","status-publish","format-standard","has-post-thumbnail","hentry","category-diagnostico-previo","tag-agenda-urbana-es","tag-agenda-urbana-alcoi-es","tag-agenda-urbana-alcoy-es","tag-agenda2030-es","tag-alcoi-es","tag-alcoy-es"],"acf":[],"yoast_head":"<!-- This site is optimized with the Yoast SEO plugin v19.9 - https:\/\/yoast.com\/wordpress\/plugins\/seo\/ -->\n<title>Eje 6: Cohesi\u00f3n social e igualdad de oportunidades - Alcoi2030<\/title>\n<meta name=\"robots\" content=\"index, follow, max-snippet:-1, max-image-preview:large, max-video-preview:-1\" \/>\n<link rel=\"canonical\" href=\"https:\/\/agendaurbana.alcoi.org\/es\/2022\/09\/24\/eix-6-cohesio-social-i-igualtat-doportunitats\/\" \/>\n<meta property=\"og:locale\" content=\"es_ES\" \/>\n<meta property=\"og:type\" content=\"article\" \/>\n<meta property=\"og:title\" content=\"Eje 6: Cohesi\u00f3n social e igualdad de oportunidades - Alcoi2030\" \/>\n<meta property=\"og:description\" content=\"A trav\u00e9s de una sesi\u00f3n participativa online, llevada a cabo el 25 de mayo de 2021, con los\/as representantes municipales que conforman el Grupo de Trabajo 2\u2013 Reactivaci\u00f3n econ\u00f3mica y social se trabaj\u00f3 en el contraste y validaci\u00f3n de las principales conclusiones del an\u00e1lisis DAFO realizado por la Agenda Urbana Espa\u00f1ola para la globalidad de &hellip; Continued\" \/>\n<meta property=\"og:url\" content=\"https:\/\/agendaurbana.alcoi.org\/es\/2022\/09\/24\/eix-6-cohesio-social-i-igualtat-doportunitats\/\" \/>\n<meta property=\"og:site_name\" content=\"Alcoi2030\" \/>\n<meta property=\"article:publisher\" content=\"https:\/\/www.facebook.com\/ajuntamentalcoi\/\" \/>\n<meta property=\"article:published_time\" content=\"2022-09-24T11:55:00+00:00\" \/>\n<meta property=\"article:modified_time\" content=\"2022-10-06T10:53:18+00:00\" \/>\n<meta property=\"og:image\" content=\"https:\/\/agendaurbana.alcoi.org\/wp-content\/uploads\/2022\/09\/Copia-de-Objetivo-Estrategico-6-e1664967769680.png\" \/>\n\t<meta property=\"og:image:width\" content=\"6047\" \/>\n\t<meta property=\"og:image:height\" content=\"3780\" \/>\n\t<meta property=\"og:image:type\" content=\"image\/png\" \/>\n<meta name=\"author\" content=\"dmolto@alcoi.org\" \/>\n<meta name=\"twitter:card\" content=\"summary_large_image\" \/>\n<meta name=\"twitter:creator\" content=\"@AjuntamentAlcoi\" \/>\n<meta name=\"twitter:site\" content=\"@AjuntamentAlcoi\" \/>\n<meta name=\"twitter:label1\" content=\"Escrito por\" \/>\n\t<meta name=\"twitter:data1\" content=\"dmolto@alcoi.org\" \/>\n\t<meta name=\"twitter:label2\" content=\"Tiempo de lectura\" \/>\n\t<meta name=\"twitter:data2\" content=\"5 minutos\" \/>\n<script type=\"application\/ld+json\" class=\"yoast-schema-graph\">{\"@context\":\"https:\/\/schema.org\",\"@graph\":[{\"@type\":\"Article\",\"@id\":\"https:\/\/agendaurbana.alcoi.org\/es\/2022\/09\/24\/eix-6-cohesio-social-i-igualtat-doportunitats\/#article\",\"isPartOf\":{\"@id\":\"https:\/\/agendaurbana.alcoi.org\/es\/2022\/09\/24\/eix-6-cohesio-social-i-igualtat-doportunitats\/\"},\"author\":{\"name\":\"dmolto@alcoi.org\",\"@id\":\"https:\/\/agendaurbana.alcoi.org\/#\/schema\/person\/4804065221d9816baefebc783a5f3006\"},\"headline\":\"Eje 6: Cohesi\u00f3n social e igualdad de oportunidades\",\"datePublished\":\"2022-09-24T11:55:00+00:00\",\"dateModified\":\"2022-10-06T10:53:18+00:00\",\"mainEntityOfPage\":{\"@id\":\"https:\/\/agendaurbana.alcoi.org\/es\/2022\/09\/24\/eix-6-cohesio-social-i-igualtat-doportunitats\/\"},\"wordCount\":1020,\"commentCount\":0,\"publisher\":{\"@id\":\"https:\/\/agendaurbana.alcoi.org\/#organization\"},\"keywords\":[\"Agenda Urbana\",\"Agenda Urbana Alcoi\",\"Agenda Urbana Alcoy\",\"Agenda2030\",\"Alcoi\",\"Alcoy\"],\"articleSection\":[\"Diagn\u00f3stico previo\"],\"inLanguage\":\"es\",\"potentialAction\":[{\"@type\":\"CommentAction\",\"name\":\"Comment\",\"target\":[\"https:\/\/agendaurbana.alcoi.org\/es\/2022\/09\/24\/eix-6-cohesio-social-i-igualtat-doportunitats\/#respond\"]}]},{\"@type\":\"WebPage\",\"@id\":\"https:\/\/agendaurbana.alcoi.org\/es\/2022\/09\/24\/eix-6-cohesio-social-i-igualtat-doportunitats\/\",\"url\":\"https:\/\/agendaurbana.alcoi.org\/es\/2022\/09\/24\/eix-6-cohesio-social-i-igualtat-doportunitats\/\",\"name\":\"Eje 6: Cohesi\u00f3n social e igualdad de oportunidades - Alcoi2030\",\"isPartOf\":{\"@id\":\"https:\/\/agendaurbana.alcoi.org\/#website\"},\"datePublished\":\"2022-09-24T11:55:00+00:00\",\"dateModified\":\"2022-10-06T10:53:18+00:00\",\"breadcrumb\":{\"@id\":\"https:\/\/agendaurbana.alcoi.org\/es\/2022\/09\/24\/eix-6-cohesio-social-i-igualtat-doportunitats\/#breadcrumb\"},\"inLanguage\":\"es\",\"potentialAction\":[{\"@type\":\"ReadAction\",\"target\":[\"https:\/\/agendaurbana.alcoi.org\/es\/2022\/09\/24\/eix-6-cohesio-social-i-igualtat-doportunitats\/\"]}]},{\"@type\":\"BreadcrumbList\",\"@id\":\"https:\/\/agendaurbana.alcoi.org\/es\/2022\/09\/24\/eix-6-cohesio-social-i-igualtat-doportunitats\/#breadcrumb\",\"itemListElement\":[{\"@type\":\"ListItem\",\"position\":1,\"name\":\"Portada\",\"item\":\"https:\/\/agendaurbana.alcoi.org\/es\/\"},{\"@type\":\"ListItem\",\"position\":2,\"name\":\"Eje 6: Cohesi\u00f3n social e igualdad de oportunidades\"}]},{\"@type\":\"WebSite\",\"@id\":\"https:\/\/agendaurbana.alcoi.org\/#website\",\"url\":\"https:\/\/agendaurbana.alcoi.org\/\",\"name\":\"Alcoi2030\",\"description\":\"Agenda urbana\",\"publisher\":{\"@id\":\"https:\/\/agendaurbana.alcoi.org\/#organization\"},\"potentialAction\":[{\"@type\":\"SearchAction\",\"target\":{\"@type\":\"EntryPoint\",\"urlTemplate\":\"https:\/\/agendaurbana.alcoi.org\/?s={search_term_string}\"},\"query-input\":\"required name=search_term_string\"}],\"inLanguage\":\"es\"},{\"@type\":\"Organization\",\"@id\":\"https:\/\/agendaurbana.alcoi.org\/#organization\",\"name\":\"Alcoi2030\",\"url\":\"https:\/\/agendaurbana.alcoi.org\/\",\"logo\":{\"@type\":\"ImageObject\",\"inLanguage\":\"es\",\"@id\":\"https:\/\/agendaurbana.alcoi.org\/#\/schema\/logo\/image\/\",\"url\":\"https:\/\/agendaurbana.alcoi.org\/wp-content\/uploads\/2022\/10\/cropped-favicon.png\",\"contentUrl\":\"https:\/\/agendaurbana.alcoi.org\/wp-content\/uploads\/2022\/10\/cropped-favicon.png\",\"width\":512,\"height\":512,\"caption\":\"Alcoi2030\"},\"image\":{\"@id\":\"https:\/\/agendaurbana.alcoi.org\/#\/schema\/logo\/image\/\"},\"sameAs\":[\"https:\/\/www.facebook.com\/ajuntamentalcoi\/\",\"https:\/\/twitter.com\/AjuntamentAlcoi\"]},{\"@type\":\"Person\",\"@id\":\"https:\/\/agendaurbana.alcoi.org\/#\/schema\/person\/4804065221d9816baefebc783a5f3006\",\"name\":\"dmolto@alcoi.org\",\"image\":{\"@type\":\"ImageObject\",\"inLanguage\":\"es\",\"@id\":\"https:\/\/agendaurbana.alcoi.org\/#\/schema\/person\/image\/\",\"url\":\"https:\/\/secure.gravatar.com\/avatar\/797c34e675e80fcbf7a94c95d10e8bb2c0cd7e901aba2a7b469012ce98fd9cdb?s=96&d=mm&r=g\",\"contentUrl\":\"https:\/\/secure.gravatar.com\/avatar\/797c34e675e80fcbf7a94c95d10e8bb2c0cd7e901aba2a7b469012ce98fd9cdb?s=96&d=mm&r=g\",\"caption\":\"dmolto@alcoi.org\"},\"url\":\"https:\/\/agendaurbana.alcoi.org\/es\/author\/dmoltoalcoi-org\/\"}]}<\/script>\n<!-- \/ Yoast SEO plugin. -->","yoast_head_json":{"title":"Eje 6: Cohesi\u00f3n social e igualdad de oportunidades - Alcoi2030","robots":{"index":"index","follow":"follow","max-snippet":"max-snippet:-1","max-image-preview":"max-image-preview:large","max-video-preview":"max-video-preview:-1"},"canonical":"https:\/\/agendaurbana.alcoi.org\/es\/2022\/09\/24\/eix-6-cohesio-social-i-igualtat-doportunitats\/","og_locale":"es_ES","og_type":"article","og_title":"Eje 6: Cohesi\u00f3n social e igualdad de oportunidades - Alcoi2030","og_description":"A trav\u00e9s de una sesi\u00f3n participativa online, llevada a cabo el 25 de mayo de 2021, con los\/as representantes municipales que conforman el Grupo de Trabajo 2\u2013 Reactivaci\u00f3n econ\u00f3mica y social se trabaj\u00f3 en el contraste y validaci\u00f3n de las principales conclusiones del an\u00e1lisis DAFO realizado por la Agenda Urbana Espa\u00f1ola para la globalidad de &hellip; Continued","og_url":"https:\/\/agendaurbana.alcoi.org\/es\/2022\/09\/24\/eix-6-cohesio-social-i-igualtat-doportunitats\/","og_site_name":"Alcoi2030","article_publisher":"https:\/\/www.facebook.com\/ajuntamentalcoi\/","article_published_time":"2022-09-24T11:55:00+00:00","article_modified_time":"2022-10-06T10:53:18+00:00","og_image":[{"width":6047,"height":3780,"url":"https:\/\/agendaurbana.alcoi.org\/wp-content\/uploads\/2022\/09\/Copia-de-Objetivo-Estrategico-6-e1664967769680.png","type":"image\/png"}],"author":"dmolto@alcoi.org","twitter_card":"summary_large_image","twitter_creator":"@AjuntamentAlcoi","twitter_site":"@AjuntamentAlcoi","twitter_misc":{"Escrito por":"dmolto@alcoi.org","Tiempo de lectura":"5 minutos"},"schema":{"@context":"https:\/\/schema.org","@graph":[{"@type":"Article","@id":"https:\/\/agendaurbana.alcoi.org\/es\/2022\/09\/24\/eix-6-cohesio-social-i-igualtat-doportunitats\/#article","isPartOf":{"@id":"https:\/\/agendaurbana.alcoi.org\/es\/2022\/09\/24\/eix-6-cohesio-social-i-igualtat-doportunitats\/"},"author":{"name":"dmolto@alcoi.org","@id":"https:\/\/agendaurbana.alcoi.org\/#\/schema\/person\/4804065221d9816baefebc783a5f3006"},"headline":"Eje 6: Cohesi\u00f3n social e igualdad de oportunidades","datePublished":"2022-09-24T11:55:00+00:00","dateModified":"2022-10-06T10:53:18+00:00","mainEntityOfPage":{"@id":"https:\/\/agendaurbana.alcoi.org\/es\/2022\/09\/24\/eix-6-cohesio-social-i-igualtat-doportunitats\/"},"wordCount":1020,"commentCount":0,"publisher":{"@id":"https:\/\/agendaurbana.alcoi.org\/#organization"},"keywords":["Agenda Urbana","Agenda Urbana Alcoi","Agenda Urbana Alcoy","Agenda2030","Alcoi","Alcoy"],"articleSection":["Diagn\u00f3stico previo"],"inLanguage":"es","potentialAction":[{"@type":"CommentAction","name":"Comment","target":["https:\/\/agendaurbana.alcoi.org\/es\/2022\/09\/24\/eix-6-cohesio-social-i-igualtat-doportunitats\/#respond"]}]},{"@type":"WebPage","@id":"https:\/\/agendaurbana.alcoi.org\/es\/2022\/09\/24\/eix-6-cohesio-social-i-igualtat-doportunitats\/","url":"https:\/\/agendaurbana.alcoi.org\/es\/2022\/09\/24\/eix-6-cohesio-social-i-igualtat-doportunitats\/","name":"Eje 6: Cohesi\u00f3n social e igualdad de oportunidades - Alcoi2030","isPartOf":{"@id":"https:\/\/agendaurbana.alcoi.org\/#website"},"datePublished":"2022-09-24T11:55:00+00:00","dateModified":"2022-10-06T10:53:18+00:00","breadcrumb":{"@id":"https:\/\/agendaurbana.alcoi.org\/es\/2022\/09\/24\/eix-6-cohesio-social-i-igualtat-doportunitats\/#breadcrumb"},"inLanguage":"es","potentialAction":[{"@type":"ReadAction","target":["https:\/\/agendaurbana.alcoi.org\/es\/2022\/09\/24\/eix-6-cohesio-social-i-igualtat-doportunitats\/"]}]},{"@type":"BreadcrumbList","@id":"https:\/\/agendaurbana.alcoi.org\/es\/2022\/09\/24\/eix-6-cohesio-social-i-igualtat-doportunitats\/#breadcrumb","itemListElement":[{"@type":"ListItem","position":1,"name":"Portada","item":"https:\/\/agendaurbana.alcoi.org\/es\/"},{"@type":"ListItem","position":2,"name":"Eje 6: Cohesi\u00f3n social e igualdad de oportunidades"}]},{"@type":"WebSite","@id":"https:\/\/agendaurbana.alcoi.org\/#website","url":"https:\/\/agendaurbana.alcoi.org\/","name":"Alcoi2030","description":"Agenda urbana","publisher":{"@id":"https:\/\/agendaurbana.alcoi.org\/#organization"},"potentialAction":[{"@type":"SearchAction","target":{"@type":"EntryPoint","urlTemplate":"https:\/\/agendaurbana.alcoi.org\/?s={search_term_string}"},"query-input":"required name=search_term_string"}],"inLanguage":"es"},{"@type":"Organization","@id":"https:\/\/agendaurbana.alcoi.org\/#organization","name":"Alcoi2030","url":"https:\/\/agendaurbana.alcoi.org\/","logo":{"@type":"ImageObject","inLanguage":"es","@id":"https:\/\/agendaurbana.alcoi.org\/#\/schema\/logo\/image\/","url":"https:\/\/agendaurbana.alcoi.org\/wp-content\/uploads\/2022\/10\/cropped-favicon.png","contentUrl":"https:\/\/agendaurbana.alcoi.org\/wp-content\/uploads\/2022\/10\/cropped-favicon.png","width":512,"height":512,"caption":"Alcoi2030"},"image":{"@id":"https:\/\/agendaurbana.alcoi.org\/#\/schema\/logo\/image\/"},"sameAs":["https:\/\/www.facebook.com\/ajuntamentalcoi\/","https:\/\/twitter.com\/AjuntamentAlcoi"]},{"@type":"Person","@id":"https:\/\/agendaurbana.alcoi.org\/#\/schema\/person\/4804065221d9816baefebc783a5f3006","name":"dmolto@alcoi.org","image":{"@type":"ImageObject","inLanguage":"es","@id":"https:\/\/agendaurbana.alcoi.org\/#\/schema\/person\/image\/","url":"https:\/\/secure.gravatar.com\/avatar\/797c34e675e80fcbf7a94c95d10e8bb2c0cd7e901aba2a7b469012ce98fd9cdb?s=96&d=mm&r=g","contentUrl":"https:\/\/secure.gravatar.com\/avatar\/797c34e675e80fcbf7a94c95d10e8bb2c0cd7e901aba2a7b469012ce98fd9cdb?s=96&d=mm&r=g","caption":"dmolto@alcoi.org"},"url":"https:\/\/agendaurbana.alcoi.org\/es\/author\/dmoltoalcoi-org\/"}]}},"_links":{"self":[{"href":"https:\/\/agendaurbana.alcoi.org\/es\/wp-json\/wp\/v2\/posts\/761","targetHints":{"allow":["GET"]}}],"collection":[{"href":"https:\/\/agendaurbana.alcoi.org\/es\/wp-json\/wp\/v2\/posts"}],"about":[{"href":"https:\/\/agendaurbana.alcoi.org\/es\/wp-json\/wp\/v2\/types\/post"}],"author":[{"embeddable":true,"href":"https:\/\/agendaurbana.alcoi.org\/es\/wp-json\/wp\/v2\/users\/4"}],"replies":[{"embeddable":true,"href":"https:\/\/agendaurbana.alcoi.org\/es\/wp-json\/wp\/v2\/comments?post=761"}],"version-history":[{"count":5,"href":"https:\/\/agendaurbana.alcoi.org\/es\/wp-json\/wp\/v2\/posts\/761\/revisions"}],"predecessor-version":[{"id":1063,"href":"https:\/\/agendaurbana.alcoi.org\/es\/wp-json\/wp\/v2\/posts\/761\/revisions\/1063"}],"wp:featuredmedia":[{"embeddable":true,"href":"https:\/\/agendaurbana.alcoi.org\/es\/wp-json\/wp\/v2\/media\/754"}],"wp:attachment":[{"href":"https:\/\/agendaurbana.alcoi.org\/es\/wp-json\/wp\/v2\/media?parent=761"}],"wp:term":[{"taxonomy":"category","embeddable":true,"href":"https:\/\/agendaurbana.alcoi.org\/es\/wp-json\/wp\/v2\/categories?post=761"},{"taxonomy":"post_tag","embeddable":true,"href":"https:\/\/agendaurbana.alcoi.org\/es\/wp-json\/wp\/v2\/tags?post=761"}],"curies":[{"name":"wp","href":"https:\/\/api.w.org\/{rel}","templated":true}]}}